{"id":592,"date":"2026-04-30T08:00:00","date_gmt":"2026-04-30T06:00:00","guid":{"rendered":"http:\/\/wti-gmbh.de\/privatkunden\/?p=592"},"modified":"2025-12-03T08:47:55","modified_gmt":"2025-12-03T07:47:55","slug":"sauberer-haushalt-mit-limtex","status":"publish","type":"post","link":"https:\/\/wti-gmbh.de\/privatkunden\/2026\/04\/30\/sauberer-haushalt-mit-limtex\/","title":{"rendered":"Sauberer Haushalt mit LimTex"},"content":{"rendered":"<div id=\"attachment_1829\" style=\"width: 310px\" class=\"wp-caption alignleft\"><a href=\"https:\/\/wti-gmbh.de\/privatkunden\/wp-content\/uploads\/sites\/2\/2020\/11\/LimTex-mit-Eimer-2020.jpg\"><img aria-describedby=\"caption-attachment-1829\" loading=\"lazy\" class=\"size-medium wp-image-1829\" src=\"https:\/\/wti-gmbh.de\/privatkunden\/wp-content\/uploads\/sites\/2\/2020\/11\/LimTex-mit-Eimer-2020-300x300.jpg\" alt=\"\" width=\"300\" height=\"300\" srcset=\"https:\/\/wti-gmbh.de\/privatkunden\/wp-content\/uploads\/sites\/2\/2020\/11\/LimTex-mit-Eimer-2020-300x300.jpg 300w, https:\/\/wti-gmbh.de\/privatkunden\/wp-content\/uploads\/sites\/2\/2020\/11\/LimTex-mit-Eimer-2020-150x150.jpg 150w, https:\/\/wti-gmbh.de\/privatkunden\/wp-content\/uploads\/sites\/2\/2020\/11\/LimTex-mit-Eimer-2020-768x768.jpg 768w, https:\/\/wti-gmbh.de\/privatkunden\/wp-content\/uploads\/sites\/2\/2020\/11\/LimTex-mit-Eimer-2020-1024x1024.jpg 1024w, https:\/\/wti-gmbh.de\/privatkunden\/wp-content\/uploads\/sites\/2\/2020\/11\/LimTex-mit-Eimer-2020-1140x1140.jpg 1140w, https:\/\/wti-gmbh.de\/privatkunden\/wp-content\/uploads\/sites\/2\/2020\/11\/LimTex-mit-Eimer-2020-1000x1000.jpg 1000w, https:\/\/wti-gmbh.de\/privatkunden\/wp-content\/uploads\/sites\/2\/2020\/11\/LimTex-mit-Eimer-2020-645x645.jpg 645w, https:\/\/wti-gmbh.de\/privatkunden\/wp-content\/uploads\/sites\/2\/2020\/11\/LimTex-mit-Eimer-2020-560x560.jpg 560w, https:\/\/wti-gmbh.de\/privatkunden\/wp-content\/uploads\/sites\/2\/2020\/11\/LimTex-mit-Eimer-2020-750x750.jpg 750w, https:\/\/wti-gmbh.de\/privatkunden\/wp-content\/uploads\/sites\/2\/2020\/11\/LimTex-mit-Eimer-2020-400x400.jpg 400w, https:\/\/wti-gmbh.de\/privatkunden\/wp-content\/uploads\/sites\/2\/2020\/11\/LimTex-mit-Eimer-2020-228x228.jpg 228w, https:\/\/wti-gmbh.de\/privatkunden\/wp-content\/uploads\/sites\/2\/2020\/11\/LimTex-mit-Eimer-2020-800x800.jpg 800w, https:\/\/wti-gmbh.de\/privatkunden\/wp-content\/uploads\/sites\/2\/2020\/11\/LimTex-mit-Eimer-2020-100x100.jpg 100w\" sizes=\"(max-width: 300px) 100vw, 300px\" \/><\/a><p id=\"caption-attachment-1829\" class=\"wp-caption-text\">LimTex Microfasertuch<\/p><\/div>\n<h3>LimTex Microfasertuch<\/h3>\n<p><strong><span style=\"color: #000000\"><span style=\"font-family: Arial,sans-serif\"><span style=\"font-size: medium\"><span style=\"color: #808080\"><span style=\"font-family: arial, sans-serif\"><span style=\"font-size: xx-small\">Archivbild WTI \/ Michael Bodmann Management &amp; More GmbH <\/span><\/span><\/span><\/span><\/span><\/span><\/strong>Das etwas andere Microfasertuch unter vielen. Denn es ist gr\u00f6\u00dfer, ist <strong>doppelt gewebt<\/strong> und hat somit eine wesentlich h\u00f6here <strong>Saug- und Nachreinigungskraft<\/strong>. Und genau deswegen ist <a href=\"https:\/\/wti-gmbh.de\/privatkunden\/produkte\/limtex\/\">LimTex Microfasertuch<\/a> die absolut perfekte Erg\u00e4nzung und geh\u00f6rt zu unseren Reinigungsprodukten einfach mit dazu.<\/p>\n<p>Sie k\u00f6nnen das <a href=\"https:\/\/wti-gmbh.de\/privatkunden\/produkte\/limtex\/\">LimTex Microfasertuch<\/a> t\u00e4glich im Haushalt anwenden und danach einfach in die Waschmaschine geben.<\/p>\n<p>Sie werden <strong>jahrelang Freude<\/strong> an diesem besonderen Haushaltshelfer haben. Es verschlei\u00dft nicht und unterst\u00fctzt sie bei der Beseitigung aller Verschmutzungen im Haushalt, egal ob einfache oder <strong>hartn\u00e4ckige<\/strong>.<\/p>\n","protected":false},"excerpt":{"rendered":"<p>das etwas andere Microfasertuch unter vielen. Denn es ist gr\u00f6\u00dfer, ist doppelt gewebt und hat somit eine wesentlich h\u00f6here Saug- und Nachreinigungskraft. <\/p>\n","protected":false},"author":13,"featured_media":0,"comment_status":"open","ping_status":"open","sticky":false,"template":"","format":"standard","meta":[],"categories":[71,36],"tags":[73,72,140,39,40],"_links":{"self":[{"href":"https:\/\/wti-gmbh.de\/privatkunden\/wp-json\/wp\/v2\/posts\/592"}],"collection":[{"href":"https:\/\/wti-gmbh.de\/privatkunden\/wp-json\/wp\/v2\/posts"}],"about":[{"href":"https:\/\/wti-gmbh.de\/privatkunden\/wp-json\/wp\/v2\/types\/post"}],"author":[{"embeddable":true,"href":"https:\/\/wti-gmbh.de\/privatkunden\/wp-json\/wp\/v2\/users\/13"}],"replies":[{"embeddable":true,"href":"https:\/\/wti-gmbh.de\/privatkunden\/wp-json\/wp\/v2\/comments?post=592"}],"version-history":[{"count":12,"href":"https:\/\/wti-gmbh.de\/privatkunden\/wp-json\/wp\/v2\/posts\/592\/revisions"}],"predecessor-version":[{"id":2815,"href":"https:\/\/wti-gmbh.de\/privatkunden\/wp-json\/wp\/v2\/posts\/592\/revisions\/2815"}],"wp:attachment":[{"href":"https:\/\/wti-gmbh.de\/privatkunden\/wp-json\/wp\/v2\/media?parent=592"}],"wp:term":[{"taxonomy":"category","embeddable":true,"href":"https:\/\/wti-gmbh.de\/privatkunden\/wp-json\/wp\/v2\/categories?post=592"},{"taxonomy":"post_tag","embeddable":true,"href":"https:\/\/wti-gmbh.de\/privatkunden\/wp-json\/wp\/v2\/tags?post=592"}],"curies":[{"name":"wp","href":"https:\/\/api.w.org\/{rel}","templated":true}]}}