{"id":1006,"date":"2025-08-26T07:00:00","date_gmt":"2025-08-26T05:00:00","guid":{"rendered":"http:\/\/wti-gmbh.de\/privatkunden\/?p=1006"},"modified":"2025-09-04T11:35:30","modified_gmt":"2025-09-04T09:35:30","slug":"schimmelflecken-im-bad","status":"publish","type":"post","link":"https:\/\/wti-gmbh.de\/privatkunden\/2025\/08\/26\/schimmelflecken-im-bad\/","title":{"rendered":"Schimmelflecken im Bad"},"content":{"rendered":"<h3 style=\"text-align: left\"><a href=\"https:\/\/wti-gmbh.de\/privatkunden\/wp-content\/uploads\/sites\/2\/2020\/11\/LimDusch-2020.jpg\"><img loading=\"lazy\" class=\"size-medium wp-image-1825 alignleft\" src=\"https:\/\/wti-gmbh.de\/privatkunden\/wp-content\/uploads\/sites\/2\/2020\/11\/LimDusch-2020-300x300.jpg\" alt=\"\" width=\"300\" height=\"300\" srcset=\"https:\/\/wti-gmbh.de\/privatkunden\/wp-content\/uploads\/sites\/2\/2020\/11\/LimDusch-2020-300x300.jpg 300w, https:\/\/wti-gmbh.de\/privatkunden\/wp-content\/uploads\/sites\/2\/2020\/11\/LimDusch-2020-150x150.jpg 150w, https:\/\/wti-gmbh.de\/privatkunden\/wp-content\/uploads\/sites\/2\/2020\/11\/LimDusch-2020-768x768.jpg 768w, https:\/\/wti-gmbh.de\/privatkunden\/wp-content\/uploads\/sites\/2\/2020\/11\/LimDusch-2020-1024x1024.jpg 1024w, https:\/\/wti-gmbh.de\/privatkunden\/wp-content\/uploads\/sites\/2\/2020\/11\/LimDusch-2020-1140x1140.jpg 1140w, https:\/\/wti-gmbh.de\/privatkunden\/wp-content\/uploads\/sites\/2\/2020\/11\/LimDusch-2020-1000x1000.jpg 1000w, https:\/\/wti-gmbh.de\/privatkunden\/wp-content\/uploads\/sites\/2\/2020\/11\/LimDusch-2020-645x645.jpg 645w, https:\/\/wti-gmbh.de\/privatkunden\/wp-content\/uploads\/sites\/2\/2020\/11\/LimDusch-2020-560x560.jpg 560w, https:\/\/wti-gmbh.de\/privatkunden\/wp-content\/uploads\/sites\/2\/2020\/11\/LimDusch-2020-750x750.jpg 750w, https:\/\/wti-gmbh.de\/privatkunden\/wp-content\/uploads\/sites\/2\/2020\/11\/LimDusch-2020-400x400.jpg 400w, https:\/\/wti-gmbh.de\/privatkunden\/wp-content\/uploads\/sites\/2\/2020\/11\/LimDusch-2020-228x228.jpg 228w, https:\/\/wti-gmbh.de\/privatkunden\/wp-content\/uploads\/sites\/2\/2020\/11\/LimDusch-2020-800x800.jpg 800w, https:\/\/wti-gmbh.de\/privatkunden\/wp-content\/uploads\/sites\/2\/2020\/11\/LimDusch-2020-100x100.jpg 100w\" sizes=\"(max-width: 300px) 100vw, 300px\" \/><\/a>LimDusch Duschwandreiniger<\/h3>\n<p style=\"text-align: left\"><strong><span style=\"color: #000000\"><span style=\"font-family: Arial,sans-serif\"><span style=\"font-size: medium\"><span style=\"color: #808080\"><span style=\"font-family: arial, sans-serif\"><span style=\"font-size: xx-small\">Archivbild WTI \/ Michael Bodmann Management &amp; More GmbH <\/span><\/span><\/span><\/span><\/span><\/span><\/strong>Das kennt im Prinzig jeder: im Laufe der Zeit entsteht an den Duschwandfugen unsch\u00f6ne, schwarze Punkte, die eine spezielle Form von Schimmelflecken sind, jedoch in keinster Weise gesundheitsgef\u00e4hrdend, aber eben nicht sch\u00f6n auszusehen.<\/p>\n<p style=\"text-align: left\">Mit etwas Geduld und unserem <a href=\"https:\/\/wti-gmbh.de\/privatkunden\/produkte\/limdusch\/\">LimDusch-Duschwandreiniger<\/a> sowie unserem <a href=\"https:\/\/wti-gmbh.de\/privatkunden\/produkte\/limtex\/\">LimTex Microfasertuch<\/a> lassen sich diese Flecken ebenso entfernen.<\/p>\n<p style=\"text-align: left\">Hierzu <a href=\"https:\/\/wti-gmbh.de\/privatkunden\/produkte\/limdusch\/\">LimDusch-Duschwandreiniger<\/a>&nbsp; auf die schwarzen Schimmelflecken aufspr\u00fchen und einwirken und vollst\u00e4dig antrocknen lassen. Danach die Schimmelflecken intensiv mit unserem <a href=\"https:\/\/wti-gmbh.de\/privatkunden\/produkte\/limtex\/\">LimTex Microfasertuch<\/a> ausreiben.<\/p>\n<p>Da wir in unseren Produkten keine aggressiven Wirkstoffe verwenden, verschwinden diese hartn\u00e4ckigen Schimmelflecken nicht gleich beim ersten Mal, sondern sie sollten diese Prozedur wenigstens 4 bis 4 Mal innerhalb einer Woche wiederholen.<\/p>\n","protected":false},"excerpt":{"rendered":"<p>Das kennt im Prinzig jeder: im Laufe der Zeit entsteht an den Duschwandfugen unsch\u00f6ne, schwarze Punkte, die eine spezielle Form von Schimmelflecken sind, jedoch in keinster Weise gesundheitsgef\u00e4hrdend, aber eben nicht sch\u00f6n auszusehen.<\/p>\n","protected":false},"author":13,"featured_media":0,"comment_status":"open","ping_status":"closed","sticky":false,"template":"","format":"standard","meta":[],"categories":[182,38,71,36,147],"tags":[185,184,66,140,148],"_links":{"self":[{"href":"https:\/\/wti-gmbh.de\/privatkunden\/wp-json\/wp\/v2\/posts\/1006"}],"collection":[{"href":"https:\/\/wti-gmbh.de\/privatkunden\/wp-json\/wp\/v2\/posts"}],"about":[{"href":"https:\/\/wti-gmbh.de\/privatkunden\/wp-json\/wp\/v2\/types\/post"}],"author":[{"embeddable":true,"href":"https:\/\/wti-gmbh.de\/privatkunden\/wp-json\/wp\/v2\/users\/13"}],"replies":[{"embeddable":true,"href":"https:\/\/wti-gmbh.de\/privatkunden\/wp-json\/wp\/v2\/comments?post=1006"}],"version-history":[{"count":7,"href":"https:\/\/wti-gmbh.de\/privatkunden\/wp-json\/wp\/v2\/posts\/1006\/revisions"}],"predecessor-version":[{"id":2705,"href":"https:\/\/wti-gmbh.de\/privatkunden\/wp-json\/wp\/v2\/posts\/1006\/revisions\/2705"}],"wp:attachment":[{"href":"https:\/\/wti-gmbh.de\/privatkunden\/wp-json\/wp\/v2\/media?parent=1006"}],"wp:term":[{"taxonomy":"category","embeddable":true,"href":"https:\/\/wti-gmbh.de\/privatkunden\/wp-json\/wp\/v2\/categories?post=1006"},{"taxonomy":"post_tag","embeddable":true,"href":"https:\/\/wti-gmbh.de\/privatkunden\/wp-json\/wp\/v2\/tags?post=1006"}],"curies":[{"name":"wp","href":"https:\/\/api.w.org\/{rel}","templated":true}]}}